{"id":1929,"date":"2021-11-27T13:24:00","date_gmt":"2021-11-27T12:24:00","guid":{"rendered":"https:\/\/novy.vuvisnove.cz\/?p=1929"},"modified":"2023-11-27T13:34:37","modified_gmt":"2023-11-27T12:34:37","slug":"vysadba-stromu-v-zameckem-parku-vu","status":"publish","type":"post","link":"https:\/\/www.vuvisnove.cz\/?p=1929","title":{"rendered":"V\u00fdsadba strom\u016f v z\u00e1meck\u00e9m parku V\u00da"},"content":{"rendered":"\n<p>V&nbsp;listopadu roku 2021, \u017e\u00e1ci prvn\u00edho a druh\u00e9ho ro\u010dn\u00edku oboru Zahradnick\u00e1 v\u00fdroba, pod veden\u00edm u\u010ditel\u016f odborn\u00e9ho v\u00fdcviku- Mgr. Ivany Jord\u00e1nov\u00e9 a Bc. Vlastimila Bene\u0161e, vys\u00e1zeli mlad\u00e9 stromky v&nbsp;are\u00e1lu z\u00e1meck\u00e9ho parku V\u00da Vi\u0161\u0148ov\u00e9. &nbsp;Celkem bylo vys\u00e1zeno 25 strom\u016f a to v&nbsp;zastoupen\u00ed -habr obecn\u00fd (Carpinus betulas), dub zimn\u00ed (Qercus petraea), jilm habrolist\u00fd (Ulmus minor).<\/p>\n\n\n\n<p>Pod\u011bkov\u00e1n\u00ed pat\u0159\u00ed nejen jim, ale i \u017e\u00e1k\u016fm oboru Stavebn\u00ed pr\u00e1ce za pomoc p\u0159i kop\u00e1n\u00ed d\u011br.<\/p>\n\n\n\n<p>V\u011b\u0159\u00edme, \u017ee se z&nbsp;nov\u011b vys\u00e1zen\u00fdch stromk\u016f jednou budou radovat i p\u0159\u00ed\u0161t\u00ed generace.<\/p>\n\n\n\n<p>Bc. Vlastimil Bene\u0161<\/p>\n\n\n\n<figure class=\"wp-block-gallery has-nested-images columns-default is-cropped wp-block-gallery-1 is-layout-flex wp-block-gallery-is-layout-flex\">\n<figure class=\"wp-block-image size-large\"><img fetchpriority=\"high\" decoding=\"async\" width=\"750\" height=\"562\" data-id=\"1930\" src=\"https:\/\/novy.vuvisnove.cz\/wp-content\/uploads\/2023\/11\/IMG_2777-scaled-1.jpg\" alt=\"\" class=\"wp-image-1930\" srcset=\"https:\/\/www.vuvisnove.cz\/wp-content\/uploads\/2023\/11\/IMG_2777-scaled-1.jpg 750w, https:\/\/www.vuvisnove.cz\/wp-content\/uploads\/2023\/11\/IMG_2777-scaled-1-300x225.jpg 300w, https:\/\/www.vuvisnove.cz\/wp-content\/uploads\/2023\/11\/IMG_2777-scaled-1-600x450.jpg 600w\" sizes=\"(max-width: 750px) 100vw, 750px\" \/><\/figure>\n\n\n\n<figure class=\"wp-block-image size-large\"><img decoding=\"async\" width=\"750\" height=\"562\" data-id=\"1931\" src=\"https:\/\/novy.vuvisnove.cz\/wp-content\/uploads\/2023\/11\/IMG_2773-scaled-1.jpg\" alt=\"\" class=\"wp-image-1931\" srcset=\"https:\/\/www.vuvisnove.cz\/wp-content\/uploads\/2023\/11\/IMG_2773-scaled-1.jpg 750w, https:\/\/www.vuvisnove.cz\/wp-content\/uploads\/2023\/11\/IMG_2773-scaled-1-300x225.jpg 300w, https:\/\/www.vuvisnove.cz\/wp-content\/uploads\/2023\/11\/IMG_2773-scaled-1-600x450.jpg 600w\" sizes=\"(max-width: 750px) 100vw, 750px\" \/><\/figure>\n\n\n\n<figure class=\"wp-block-image size-large\"><img decoding=\"async\" width=\"750\" height=\"562\" data-id=\"1932\" src=\"https:\/\/novy.vuvisnove.cz\/wp-content\/uploads\/2023\/11\/IMG_2756-scaled-1.jpg\" alt=\"\" class=\"wp-image-1932\" srcset=\"https:\/\/www.vuvisnove.cz\/wp-content\/uploads\/2023\/11\/IMG_2756-scaled-1.jpg 750w, https:\/\/www.vuvisnove.cz\/wp-content\/uploads\/2023\/11\/IMG_2756-scaled-1-300x225.jpg 300w, https:\/\/www.vuvisnove.cz\/wp-content\/uploads\/2023\/11\/IMG_2756-scaled-1-600x450.jpg 600w\" sizes=\"(max-width: 750px) 100vw, 750px\" \/><\/figure>\n<\/figure>\n","protected":false},"excerpt":{"rendered":"<p>V&nbsp;listopadu roku 2021, \u017e\u00e1ci prvn\u00edho a druh\u00e9ho ro\u010dn\u00edku oboru Zahradnick\u00e1 v\u00fdroba, pod veden\u00edm u\u010ditel\u016f odborn\u00e9ho v\u00fdcviku- Mgr. Ivany Jord\u00e1nov\u00e9 a Bc. Vlastimila Bene\u0161e, vys\u00e1zeli mlad\u00e9 stromky v&nbsp;are\u00e1lu z\u00e1meck\u00e9ho parku V\u00da Vi\u0161\u0148ov\u00e9. &nbsp;Celkem bylo vys\u00e1zeno 25 strom\u016f a to v&nbsp;zastoupen\u00ed -habr obecn\u00fd (Carpinus betulas), dub zimn\u00ed (Qercus petraea), jilm habrolist\u00fd (Ulmus minor). Pod\u011bkov\u00e1n\u00ed pat\u0159\u00ed nejen jim, [&hellip;]<\/p>\n","protected":false},"author":1,"featured_media":1934,"comment_status":"closed","ping_status":"open","sticky":false,"template":"","format":"standard","meta":{"footnotes":""},"categories":[1],"tags":[],"blocksy_meta":[],"featured_image_urls":{"full":["https:\/\/www.vuvisnove.cz\/wp-content\/uploads\/2021\/11\/IMG_2777-scaled-1.jpg",722,958,false],"thumbnail":["https:\/\/www.vuvisnove.cz\/wp-content\/uploads\/2021\/11\/IMG_2777-scaled-1.jpg",113,150,false],"medium":["https:\/\/www.vuvisnove.cz\/wp-content\/uploads\/2021\/11\/IMG_2777-scaled-1.jpg",226,300,false],"medium_large":["https:\/\/www.vuvisnove.cz\/wp-content\/uploads\/2021\/11\/IMG_2777-scaled-1.jpg",722,958,false],"large":["https:\/\/www.vuvisnove.cz\/wp-content\/uploads\/2021\/11\/IMG_2777-scaled-1.jpg",722,958,false],"1536x1536":["https:\/\/www.vuvisnove.cz\/wp-content\/uploads\/2021\/11\/IMG_2777-scaled-1.jpg",722,958,false],"2048x2048":["https:\/\/www.vuvisnove.cz\/wp-content\/uploads\/2021\/11\/IMG_2777-scaled-1.jpg",722,958,false]},"post_excerpt_stackable":"<p>V&nbsp;listopadu roku 2021, \u017e\u00e1ci prvn\u00edho a druh\u00e9ho ro\u010dn\u00edku oboru Zahradnick\u00e1 v\u00fdroba, pod veden\u00edm u\u010ditel\u016f odborn\u00e9ho v\u00fdcviku- Mgr. Ivany Jord\u00e1nov\u00e9 a Bc. Vlastimila Bene\u0161e, vys\u00e1zeli mlad\u00e9 stromky v&nbsp;are\u00e1lu z\u00e1meck\u00e9ho parku V\u00da Vi\u0161\u0148ov\u00e9. &nbsp;Celkem bylo vys\u00e1zeno 25 strom\u016f a to v&nbsp;zastoupen\u00ed -habr obecn\u00fd (Carpinus betulas), dub zimn\u00ed (Qercus petraea), jilm habrolist\u00fd (Ulmus minor). Pod\u011bkov\u00e1n\u00ed pat\u0159\u00ed nejen jim, ale i \u017e\u00e1k\u016fm oboru Stavebn\u00ed pr\u00e1ce za pomoc p\u0159i kop\u00e1n\u00ed d\u011br. V\u011b\u0159\u00edme, \u017ee se z&nbsp;nov\u011b vys\u00e1zen\u00fdch stromk\u016f jednou budou radovat i p\u0159\u00ed\u0161t\u00ed generace. Bc. Vlastimil Bene\u0161<\/p>\n","category_list":"<a href=\"https:\/\/www.vuvisnove.cz\/?cat=1\" rel=\"category\">Neza\u0159azen\u00e9<\/a>","author_info":{"name":"admin","url":"https:\/\/www.vuvisnove.cz\/?author=1"},"comments_num":"0 comments","featured_image_urls_v2":{"full":["https:\/\/www.vuvisnove.cz\/wp-content\/uploads\/2021\/11\/IMG_2777-scaled-1.jpg",722,958,false],"thumbnail":["https:\/\/www.vuvisnove.cz\/wp-content\/uploads\/2021\/11\/IMG_2777-scaled-1.jpg",113,150,false],"medium":["https:\/\/www.vuvisnove.cz\/wp-content\/uploads\/2021\/11\/IMG_2777-scaled-1.jpg",226,300,false],"medium_large":["https:\/\/www.vuvisnove.cz\/wp-content\/uploads\/2021\/11\/IMG_2777-scaled-1.jpg",722,958,false],"large":["https:\/\/www.vuvisnove.cz\/wp-content\/uploads\/2021\/11\/IMG_2777-scaled-1.jpg",722,958,false],"1536x1536":["https:\/\/www.vuvisnove.cz\/wp-content\/uploads\/2021\/11\/IMG_2777-scaled-1.jpg",722,958,false],"2048x2048":["https:\/\/www.vuvisnove.cz\/wp-content\/uploads\/2021\/11\/IMG_2777-scaled-1.jpg",722,958,false]},"post_excerpt_stackable_v2":"<p>V&nbsp;listopadu roku 2021, \u017e\u00e1ci prvn\u00edho a druh\u00e9ho ro\u010dn\u00edku oboru Zahradnick\u00e1 v\u00fdroba, pod veden\u00edm u\u010ditel\u016f odborn\u00e9ho v\u00fdcviku- Mgr. Ivany Jord\u00e1nov\u00e9 a Bc. Vlastimila Bene\u0161e, vys\u00e1zeli mlad\u00e9 stromky v&nbsp;are\u00e1lu z\u00e1meck\u00e9ho parku V\u00da Vi\u0161\u0148ov\u00e9. &nbsp;Celkem bylo vys\u00e1zeno 25 strom\u016f a to v&nbsp;zastoupen\u00ed -habr obecn\u00fd (Carpinus betulas), dub zimn\u00ed (Qercus petraea), jilm habrolist\u00fd (Ulmus minor). Pod\u011bkov\u00e1n\u00ed pat\u0159\u00ed nejen jim, ale i \u017e\u00e1k\u016fm oboru Stavebn\u00ed pr\u00e1ce za pomoc p\u0159i kop\u00e1n\u00ed d\u011br. V\u011b\u0159\u00edme, \u017ee se z&nbsp;nov\u011b vys\u00e1zen\u00fdch stromk\u016f jednou budou radovat i p\u0159\u00ed\u0161t\u00ed generace. Bc. Vlastimil Bene\u0161<\/p>\n","category_list_v2":"<a href=\"https:\/\/www.vuvisnove.cz\/?cat=1\" rel=\"category\">Neza\u0159azen\u00e9<\/a>","author_info_v2":{"name":"admin","url":"https:\/\/www.vuvisnove.cz\/?author=1"},"comments_num_v2":"0 comments","_links":{"self":[{"href":"https:\/\/www.vuvisnove.cz\/index.php?rest_route=\/wp\/v2\/posts\/1929"}],"collection":[{"href":"https:\/\/www.vuvisnove.cz\/index.php?rest_route=\/wp\/v2\/posts"}],"about":[{"href":"https:\/\/www.vuvisnove.cz\/index.php?rest_route=\/wp\/v2\/types\/post"}],"author":[{"embeddable":true,"href":"https:\/\/www.vuvisnove.cz\/index.php?rest_route=\/wp\/v2\/users\/1"}],"replies":[{"embeddable":true,"href":"https:\/\/www.vuvisnove.cz\/index.php?rest_route=%2Fwp%2Fv2%2Fcomments&post=1929"}],"version-history":[{"count":1,"href":"https:\/\/www.vuvisnove.cz\/index.php?rest_route=\/wp\/v2\/posts\/1929\/revisions"}],"predecessor-version":[{"id":2719,"href":"https:\/\/www.vuvisnove.cz\/index.php?rest_route=\/wp\/v2\/posts\/1929\/revisions\/2719"}],"wp:featuredmedia":[{"embeddable":true,"href":"https:\/\/www.vuvisnove.cz\/index.php?rest_route=\/wp\/v2\/media\/1934"}],"wp:attachment":[{"href":"https:\/\/www.vuvisnove.cz\/index.php?rest_route=%2Fwp%2Fv2%2Fmedia&parent=1929"}],"wp:term":[{"taxonomy":"category","embeddable":true,"href":"https:\/\/www.vuvisnove.cz\/index.php?rest_route=%2Fwp%2Fv2%2Fcategories&post=1929"},{"taxonomy":"post_tag","embeddable":true,"href":"https:\/\/www.vuvisnove.cz\/index.php?rest_route=%2Fwp%2Fv2%2Ftags&post=1929"}],"curies":[{"name":"wp","href":"https:\/\/api.w.org\/{rel}","templated":true}]}}