{"id":3466,"date":"2026-09-03T09:03:05","date_gmt":"2026-09-03T07:03:05","guid":{"rendered":"https:\/\/www.vuvisnove.cz\/?p=3466"},"modified":"2026-09-03T09:03:05","modified_gmt":"2026-09-03T07:03:05","slug":"zahajeni-skolniho-roku-2026-2027","status":"publish","type":"post","link":"https:\/\/www.vuvisnove.cz\/?p=3466","title":{"rendered":"Zah\u00e1jen\u00ed \u0161koln\u00edho roku 2026\/2027"},"content":{"rendered":"\n<p><strong>Nov\u00fd \u0161koln\u00ed rok je tady.<\/strong><\/p>\n\n\n\n<p>Dne 1. z\u00e1\u0159\u00ed 2026 jsme na n\u00e1dvo\u0159\u00ed z\u00e1mku slavnostn\u011b zah\u00e1jili \u0161koln\u00ed rok 2026\/2027. Po letn\u00edch pr\u00e1zdnin\u00e1ch se zde op\u011bt setkali \u017e\u00e1ci, pedagogov\u00e9 a zam\u011bstnanci \u0161koly, aby spole\u010dn\u011b vykro\u010dili do dal\u0161\u00edho roku pln\u00e9ho nov\u00fdch p\u0159\u00edle\u017eitost\u00ed, zku\u0161enost\u00ed a v\u00fdzev.<\/p>\n\n\n\n<p>V\u0161echny p\u0159\u00edtomn\u00e9 p\u0159iv\u00edtal \u0159editel \u0161koly Mgr. Vladim\u00edr Korek, kter\u00fd ve sv\u00e9m \u00favodn\u00edm projevu pop\u0159\u00e1l \u017e\u00e1k\u016fm i zam\u011bstnanc\u016fm mnoho sil, trp\u011blivosti a odhodl\u00e1n\u00ed do nadch\u00e1zej\u00edc\u00edho \u0161koln\u00edho roku. Zd\u016fraznil, \u017ee p\u0159ed \u017e\u00e1ky stoj\u00ed p\u0159edev\u0161\u00edm d\u016fle\u017eit\u00fd \u00fakol \u2013 \u00fasp\u011b\u0161n\u011b dokon\u010dit sv\u00e9 studium a z\u00edskat v\u00fdu\u010dn\u00ed list, kter\u00fd pro n\u011b p\u0159edstavuje v\u00fdznamn\u00fd krok k samostatn\u00e9mu \u017eivotu a dobr\u00e9mu uplatn\u011bn\u00ed v budoucnosti.<\/p>\n\n\n\n<p>Z\u00e1rove\u0148 p\u0159ipomn\u011bl, \u017ee cesta ke vzd\u011bl\u00e1n\u00ed a osobn\u00edmu \u00fasp\u011bchu nemus\u00ed b\u00fdt v\u017edy jednoduch\u00e1. Ka\u017ed\u00fd m\u016f\u017ee b\u011bhem studia narazit na p\u0159ek\u00e1\u017eky, se kter\u00fdmi si nemus\u00ed dok\u00e1zat poradit s\u00e1m. Pr\u00e1v\u011b proto chce \u0161kola st\u00e1t po boku sv\u00fdch \u017e\u00e1k\u016f nejen jako vzd\u011bl\u00e1vac\u00ed instituce, ale tak\u00e9 jako partner a opora v situac\u00edch, kdy pot\u0159ebuj\u00ed pomoc, podporu a povzbuzen\u00ed. Spole\u010dn\u00fdm c\u00edlem je hledat cesty, jak p\u0159ek\u00e1\u017eky p\u0159ekon\u00e1vat, nevzd\u00e1vat se a postupn\u011b sm\u011b\u0159ovat k \u00fasp\u011b\u0161n\u00e9mu zavr\u0161en\u00ed studia.<\/p>\n\n\n\n<p>Na slova \u0159editele \u0161koly nav\u00e1zal z\u00e1stupce \u0159editele Mgr. Vladim\u00edr Hejlek, kter\u00fd p\u0159iv\u00edtal \u017e\u00e1ky i zam\u011bstnance a sezn\u00e1mil je s organizac\u00ed nov\u00e9ho \u0161koln\u00edho roku. P\u0159edstavil rozd\u011blen\u00ed \u017e\u00e1k\u016f do jednotliv\u00fdch ro\u010dn\u00edk\u016f a informoval o d\u016fle\u017eit\u00fdch term\u00ednech a harmonogramu \u0161koln\u00edho roku. \u017d\u00e1ci tak z\u00edskali z\u00e1kladn\u00ed p\u0159ehled o tom, co je v n\u00e1sleduj\u00edc\u00edch m\u011bs\u00edc\u00edch \u010dek\u00e1.<\/p>\n\n\n\n<p>Zah\u00e1jen\u00ed nov\u00e9ho \u0161koln\u00edho roku tak nebylo pouze form\u00e1ln\u00edm za\u010d\u00e1tkem v\u00fduky, ale tak\u00e9 spole\u010dn\u00fdm vykro\u010den\u00edm na dal\u0161\u00ed cestu. Cestu, na kter\u00e9 chceme na\u0161e \u017e\u00e1ky vedle odborn\u00e9ho vzd\u011bl\u00e1v\u00e1n\u00ed v\u00e9st k&nbsp;zodpov\u011bdnosti, samostatnosti, podporovat, motivovat, v\u011b\u0159it v&nbsp;sebe a pom\u00e1hat jim p\u0159ekon\u00e1vat p\u0159ek\u00e1\u017eky. V\u011b\u0159\u00edme, \u017ee \u0161koln\u00ed rok 2026\/2027 p\u0159inese mnoho \u00fasp\u011bch\u016f, nov\u00fdch zku\u0161enost\u00ed a p\u0159edev\u0161\u00edm radost z dosa\u017een\u00fdch v\u00fdsledk\u016f.<\/p>\n\n\n\n<p><strong>P\u0159ejeme v\u0161em \u017e\u00e1k\u016fm i zam\u011bstnanc\u016fm \u0161koly \u00fasp\u011b\u0161n\u00fd, pohodov\u00fd a smyslupln\u00fd \u0161koln\u00ed rok 2026\/2027!<\/strong><\/p>\n\n\n\n<div class=\"wp-block-stackable-columns stk-block-columns stk-block stk-4f00275\" data-block-id=\"4f00275\"><div class=\"stk-row stk-inner-blocks stk-block-content stk-content-align stk-4f00275-column\">\n<div class=\"wp-block-stackable-column stk-block-column stk-column stk-block stk-3d2e3b7\" data-v=\"4\" data-block-id=\"3d2e3b7\"><div class=\"stk-column-wrapper stk-block-column__content stk-container stk-3d2e3b7-container stk--no-background stk--no-padding\"><div class=\"stk-block-content stk-inner-blocks stk-3d2e3b7-inner-blocks\">\n<figure class=\"wp-block-image size-large\"><img fetchpriority=\"high\" decoding=\"async\" width=\"1024\" height=\"768\" src=\"https:\/\/www.vuvisnove.cz\/wp-content\/uploads\/20260901_080147-1024x768.jpg\" alt=\"\" class=\"wp-image-3467\" srcset=\"https:\/\/www.vuvisnove.cz\/wp-content\/uploads\/20260901_080147-1024x768.jpg 1024w, https:\/\/www.vuvisnove.cz\/wp-content\/uploads\/20260901_080147-300x225.jpg 300w, https:\/\/www.vuvisnove.cz\/wp-content\/uploads\/20260901_080147-768x576.jpg 768w, https:\/\/www.vuvisnove.cz\/wp-content\/uploads\/20260901_080147-1536x1152.jpg 1536w, https:\/\/www.vuvisnove.cz\/wp-content\/uploads\/20260901_080147-2048x1536.jpg 2048w\" sizes=\"(max-width: 1024px) 100vw, 1024px\" \/><\/figure>\n<\/div><\/div><\/div>\n\n\n\n<div class=\"wp-block-stackable-column stk-block-column stk-column stk-block stk-4f9a303\" data-v=\"4\" data-block-id=\"4f9a303\"><div class=\"stk-column-wrapper stk-block-column__content stk-container stk-4f9a303-container stk--no-background stk--no-padding\"><div class=\"stk-block-content stk-inner-blocks stk-4f9a303-inner-blocks\">\n<figure class=\"wp-block-image size-large\"><img decoding=\"async\" width=\"1024\" height=\"768\" src=\"https:\/\/www.vuvisnove.cz\/wp-content\/uploads\/20260901_080207-1024x768.jpg\" alt=\"\" class=\"wp-image-3468\" srcset=\"https:\/\/www.vuvisnove.cz\/wp-content\/uploads\/20260901_080207-1024x768.jpg 1024w, https:\/\/www.vuvisnove.cz\/wp-content\/uploads\/20260901_080207-300x225.jpg 300w, https:\/\/www.vuvisnove.cz\/wp-content\/uploads\/20260901_080207-768x576.jpg 768w, https:\/\/www.vuvisnove.cz\/wp-content\/uploads\/20260901_080207-1536x1152.jpg 1536w, https:\/\/www.vuvisnove.cz\/wp-content\/uploads\/20260901_080207-2048x1536.jpg 2048w\" sizes=\"(max-width: 1024px) 100vw, 1024px\" \/><\/figure>\n<\/div><\/div><\/div>\n\n\n\n<div class=\"wp-block-stackable-column stk-block-column stk-column stk-block stk-e38b399\" data-v=\"4\" data-block-id=\"e38b399\"><div class=\"stk-column-wrapper stk-block-column__content stk-container stk-e38b399-container stk--no-background stk--no-padding\"><div class=\"stk-block-content stk-inner-blocks stk-e38b399-inner-blocks\">\n<figure class=\"wp-block-image size-large\"><img decoding=\"async\" width=\"1024\" height=\"768\" src=\"https:\/\/www.vuvisnove.cz\/wp-content\/uploads\/20260901_080215-1024x768.jpg\" alt=\"\" class=\"wp-image-3469\" srcset=\"https:\/\/www.vuvisnove.cz\/wp-content\/uploads\/20260901_080215-1024x768.jpg 1024w, https:\/\/www.vuvisnove.cz\/wp-content\/uploads\/20260901_080215-300x225.jpg 300w, https:\/\/www.vuvisnove.cz\/wp-content\/uploads\/20260901_080215-768x576.jpg 768w, https:\/\/www.vuvisnove.cz\/wp-content\/uploads\/20260901_080215-1536x1152.jpg 1536w, https:\/\/www.vuvisnove.cz\/wp-content\/uploads\/20260901_080215-2048x1536.jpg 2048w\" sizes=\"(max-width: 1024px) 100vw, 1024px\" \/><\/figure>\n<\/div><\/div><\/div>\n<\/div><\/div>\n","protected":false},"excerpt":{"rendered":"<p>Nov\u00fd \u0161koln\u00ed rok je tady. Dne 1. z\u00e1\u0159\u00ed 2026 jsme na n\u00e1dvo\u0159\u00ed z\u00e1mku slavnostn\u011b zah\u00e1jili \u0161koln\u00ed rok 2026\/2027. Po letn\u00edch pr\u00e1zdnin\u00e1ch se zde op\u011bt setkali \u017e\u00e1ci, pedagogov\u00e9 a zam\u011bstnanci \u0161koly, aby spole\u010dn\u011b vykro\u010dili do dal\u0161\u00edho roku pln\u00e9ho nov\u00fdch p\u0159\u00edle\u017eitost\u00ed, zku\u0161enost\u00ed a v\u00fdzev. V\u0161echny p\u0159\u00edtomn\u00e9 p\u0159iv\u00edtal \u0159editel \u0161koly Mgr. Vladim\u00edr Korek, kter\u00fd ve sv\u00e9m \u00favodn\u00edm projevu [&hellip;]<\/p>\n","protected":false},"author":1,"featured_media":3470,"comment_status":"closed","ping_status":"open","sticky":false,"template":"","format":"standard","meta":{"footnotes":""},"categories":[1],"tags":[],"blocksy_meta":{"styles_descriptor":{"styles":{"desktop":"","tablet":"","mobile":""},"google_fonts":[],"version":7}},"featured_image_urls":{"full":["https:\/\/www.vuvisnove.cz\/wp-content\/uploads\/zpatkydoskoly.webp",1536,1024,false],"thumbnail":["https:\/\/www.vuvisnove.cz\/wp-content\/uploads\/zpatkydoskoly-150x150.webp",150,150,true],"medium":["https:\/\/www.vuvisnove.cz\/wp-content\/uploads\/zpatkydoskoly-300x200.webp",300,200,true],"medium_large":["https:\/\/www.vuvisnove.cz\/wp-content\/uploads\/zpatkydoskoly-768x512.webp",768,512,true],"large":["https:\/\/www.vuvisnove.cz\/wp-content\/uploads\/zpatkydoskoly-1024x683.webp",1024,683,true],"1536x1536":["https:\/\/www.vuvisnove.cz\/wp-content\/uploads\/zpatkydoskoly.webp",1536,1024,false],"2048x2048":["https:\/\/www.vuvisnove.cz\/wp-content\/uploads\/zpatkydoskoly.webp",1536,1024,false]},"post_excerpt_stackable":"<p>Nov\u00fd \u0161koln\u00ed rok je tady. Dne 1. z\u00e1\u0159\u00ed 2026 jsme na n\u00e1dvo\u0159\u00ed z\u00e1mku slavnostn\u011b zah\u00e1jili \u0161koln\u00ed rok 2026\/2027. Po letn\u00edch pr\u00e1zdnin\u00e1ch se zde op\u011bt setkali \u017e\u00e1ci, pedagogov\u00e9 a zam\u011bstnanci \u0161koly, aby spole\u010dn\u011b vykro\u010dili do dal\u0161\u00edho roku pln\u00e9ho nov\u00fdch p\u0159\u00edle\u017eitost\u00ed, zku\u0161enost\u00ed a v\u00fdzev. V\u0161echny p\u0159\u00edtomn\u00e9 p\u0159iv\u00edtal \u0159editel \u0161koly Mgr. Vladim\u00edr Korek, kter\u00fd ve sv\u00e9m \u00favodn\u00edm projevu pop\u0159\u00e1l \u017e\u00e1k\u016fm i zam\u011bstnanc\u016fm mnoho sil, trp\u011blivosti a odhodl\u00e1n\u00ed do nadch\u00e1zej\u00edc\u00edho \u0161koln\u00edho roku. Zd\u016fraznil, \u017ee p\u0159ed \u017e\u00e1ky stoj\u00ed p\u0159edev\u0161\u00edm d\u016fle\u017eit\u00fd \u00fakol \u2013 \u00fasp\u011b\u0161n\u011b dokon\u010dit sv\u00e9 studium a z\u00edskat v\u00fdu\u010dn\u00ed list, kter\u00fd pro n\u011b p\u0159edstavuje v\u00fdznamn\u00fd krok k samostatn\u00e9mu \u017eivotu a dobr\u00e9mu uplatn\u011bn\u00ed v budoucnosti. Z\u00e1rove\u0148&hellip;<\/p>\n","category_list":"<a href=\"https:\/\/www.vuvisnove.cz\/?cat=1\" rel=\"category\">Neza\u0159azen\u00e9<\/a>","author_info":{"name":"admin","url":"https:\/\/www.vuvisnove.cz\/?author=1"},"comments_num":"0 comments","featured_image_urls_v2":{"full":["https:\/\/www.vuvisnove.cz\/wp-content\/uploads\/zpatkydoskoly.webp",1536,1024,false],"thumbnail":["https:\/\/www.vuvisnove.cz\/wp-content\/uploads\/zpatkydoskoly-150x150.webp",150,150,true],"medium":["https:\/\/www.vuvisnove.cz\/wp-content\/uploads\/zpatkydoskoly-300x200.webp",300,200,true],"medium_large":["https:\/\/www.vuvisnove.cz\/wp-content\/uploads\/zpatkydoskoly-768x512.webp",768,512,true],"large":["https:\/\/www.vuvisnove.cz\/wp-content\/uploads\/zpatkydoskoly-1024x683.webp",1024,683,true],"1536x1536":["https:\/\/www.vuvisnove.cz\/wp-content\/uploads\/zpatkydoskoly.webp",1536,1024,false],"2048x2048":["https:\/\/www.vuvisnove.cz\/wp-content\/uploads\/zpatkydoskoly.webp",1536,1024,false]},"post_excerpt_stackable_v2":"<p>Nov\u00fd \u0161koln\u00ed rok je tady. Dne 1. z\u00e1\u0159\u00ed 2026 jsme na n\u00e1dvo\u0159\u00ed z\u00e1mku slavnostn\u011b zah\u00e1jili \u0161koln\u00ed rok 2026\/2027. Po letn\u00edch pr\u00e1zdnin\u00e1ch se zde op\u011bt setkali \u017e\u00e1ci, pedagogov\u00e9 a zam\u011bstnanci \u0161koly, aby spole\u010dn\u011b vykro\u010dili do dal\u0161\u00edho roku pln\u00e9ho nov\u00fdch p\u0159\u00edle\u017eitost\u00ed, zku\u0161enost\u00ed a v\u00fdzev. V\u0161echny p\u0159\u00edtomn\u00e9 p\u0159iv\u00edtal \u0159editel \u0161koly Mgr. Vladim\u00edr Korek, kter\u00fd ve sv\u00e9m \u00favodn\u00edm projevu pop\u0159\u00e1l \u017e\u00e1k\u016fm i zam\u011bstnanc\u016fm mnoho sil, trp\u011blivosti a odhodl\u00e1n\u00ed do nadch\u00e1zej\u00edc\u00edho \u0161koln\u00edho roku. Zd\u016fraznil, \u017ee p\u0159ed \u017e\u00e1ky stoj\u00ed p\u0159edev\u0161\u00edm d\u016fle\u017eit\u00fd \u00fakol \u2013 \u00fasp\u011b\u0161n\u011b dokon\u010dit sv\u00e9 studium a z\u00edskat v\u00fdu\u010dn\u00ed list, kter\u00fd pro n\u011b p\u0159edstavuje v\u00fdznamn\u00fd krok k samostatn\u00e9mu \u017eivotu a dobr\u00e9mu uplatn\u011bn\u00ed v budoucnosti. Z\u00e1rove\u0148&hellip;<\/p>\n","category_list_v2":"<a href=\"https:\/\/www.vuvisnove.cz\/?cat=1\" rel=\"category\">Neza\u0159azen\u00e9<\/a>","author_info_v2":{"name":"admin","url":"https:\/\/www.vuvisnove.cz\/?author=1"},"comments_num_v2":"0 comments","_links":{"self":[{"href":"https:\/\/www.vuvisnove.cz\/index.php?rest_route=\/wp\/v2\/posts\/3466"}],"collection":[{"href":"https:\/\/www.vuvisnove.cz\/index.php?rest_route=\/wp\/v2\/posts"}],"about":[{"href":"https:\/\/www.vuvisnove.cz\/index.php?rest_route=\/wp\/v2\/types\/post"}],"author":[{"embeddable":true,"href":"https:\/\/www.vuvisnove.cz\/index.php?rest_route=\/wp\/v2\/users\/1"}],"replies":[{"embeddable":true,"href":"https:\/\/www.vuvisnove.cz\/index.php?rest_route=%2Fwp%2Fv2%2Fcomments&post=3466"}],"version-history":[{"count":1,"href":"https:\/\/www.vuvisnove.cz\/index.php?rest_route=\/wp\/v2\/posts\/3466\/revisions"}],"predecessor-version":[{"id":3471,"href":"https:\/\/www.vuvisnove.cz\/index.php?rest_route=\/wp\/v2\/posts\/3466\/revisions\/3471"}],"wp:featuredmedia":[{"embeddable":true,"href":"https:\/\/www.vuvisnove.cz\/index.php?rest_route=\/wp\/v2\/media\/3470"}],"wp:attachment":[{"href":"https:\/\/www.vuvisnove.cz\/index.php?rest_route=%2Fwp%2Fv2%2Fmedia&parent=3466"}],"wp:term":[{"taxonomy":"category","embeddable":true,"href":"https:\/\/www.vuvisnove.cz\/index.php?rest_route=%2Fwp%2Fv2%2Fcategories&post=3466"},{"taxonomy":"post_tag","embeddable":true,"href":"https:\/\/www.vuvisnove.cz\/index.php?rest_route=%2Fwp%2Fv2%2Ftags&post=3466"}],"curies":[{"name":"wp","href":"https:\/\/api.w.org\/{rel}","templated":true}]}}